{"id":10439,"date":"2024-02-19T17:06:45","date_gmt":"2024-02-19T16:06:45","guid":{"rendered":"https:\/\/www.webradioscout.org\/wp\/?p=10439"},"modified":"2024-02-19T17:09:59","modified_gmt":"2024-02-19T16:09:59","slug":"giornata-del-pensiero-22-febbraio-2024","status":"publish","type":"post","link":"https:\/\/www.webradioscout.org\/wp\/2024\/02\/19\/giornata-del-pensiero-22-febbraio-2024\/","title":{"rendered":"Giornata del Pensiero, 22 Febbraio 2024"},"content":{"rendered":"\n<p>Iniziamo subito &#8220;alla grande&#8221; con il nostro &#8220;cavallo di battaglia&#8221;: <a href=\"https:\/\/www.webradioscout.org\/servizi-speciali\/151-e-sempre-il-thinking-day\" target=\"_blank\" rel=\"noreferrer noopener\"><strong>E&#8217; sempre il Thinking Day!<\/strong><\/a> con <strong><a href=\"https:\/\/bit.ly\/3oMqTqB\">la speciale playlist video<\/a> dedicata a Robert&amp;Olave<\/strong><\/p>\n\n\n\n<figure class=\"wp-block-image size-large\"><img loading=\"lazy\" decoding=\"async\" width=\"1024\" height=\"724\" src=\"https:\/\/www.webradioscout.org\/wp\/wp-content\/uploads\/2024\/02\/WTD24-1024x724.jpg\" alt=\"\" class=\"wp-image-10440\" srcset=\"https:\/\/www.webradioscout.org\/wp\/wp-content\/uploads\/2024\/02\/WTD24-1024x724.jpg 1024w, https:\/\/www.webradioscout.org\/wp\/wp-content\/uploads\/2024\/02\/WTD24-300x212.jpg 300w, https:\/\/www.webradioscout.org\/wp\/wp-content\/uploads\/2024\/02\/WTD24-768x543.jpg 768w, https:\/\/www.webradioscout.org\/wp\/wp-content\/uploads\/2024\/02\/WTD24-1536x1086.jpg 1536w, https:\/\/www.webradioscout.org\/wp\/wp-content\/uploads\/2024\/02\/WTD24-283x200.jpg 283w, https:\/\/www.webradioscout.org\/wp\/wp-content\/uploads\/2024\/02\/WTD24.jpg 1584w\" sizes=\"auto, (max-width: 1024px) 100vw, 1024px\" \/><\/figure>\n\n\n\n<p><strong>Il nostro mondo, il nostro futuro rigoglioso<\/strong><\/p>\n\n\n\n<p>\u201cLa Giornata mondiale del Pensiero (Thinking Day) \u00e8 la giornata in cui le Guide e gli Scout di tutto il mondo festeggiano l\u2019amicizia internazionale e si impegnano a raccogliere fondi per realizzare progetti e programmi che coinvolgono 10 milioni di ragazze e giovani donne in tutto il mondo. <\/p>\n\n\n\n<p>L\u2019idea della Giornata mondiale del Pensiero nacque in occasione della 4\u00b0 Conferenza Mondiale WAGGGS (<a rel=\"noreferrer noopener\" href=\"https:\/\/www.wagggs.org\/en\/\" target=\"_blank\">https:\/\/www.wagggs.org\/en\/<\/a>) e si celebra tutti gli anni dal 1926 nel giorno, il 22 febbraio, della ricorrenza dei compleanni di Lord Baden-Powell, fondatore del Movimento Scout, e di sua moglie Olave, la Capo Guida Mondiale.<\/p>\n\n\n\n<p>Da allora WAGGGS propone spunti di riflessione e di attivit\u00e0 che i capi possono utilizzare per preparare i festeggiamenti insieme alle proprie ragazze e ai propri ragazzi.\u201d (dal sito web FIS <a href=\"https:\/\/www.scouteguide.it\/\">https:\/\/www.scouteguide.it\/<\/a>)<\/p>\n\n\n\n<p>Il tema proposto da WAGGGS per quest\u2019anno \u00e8: <strong>Il nostro mondo, il nostro futuro rigoglioso<\/strong>. Quest&#8217;anno infatti l&#8217;attenzione viene concentrata su incentrata sulla&nbsp;<strong>consapevolezza ambientale<\/strong>: insieme possiamo creare un mondo sostenibile dal punto di vista ambientale e libero dalla povert\u00e0, un futuro in cui ragazze e ragazzi possano crescere. Come ogni anno WAGGGS (l&#8217;associazione mondiale del Guidismo) propone una serie di attivit\u00e0, adatte per ogni singola branca, che potete trovare in questo &#8220;<strong><a href=\"https:\/\/www.scouteguide.it\/wp-content\/uploads\/2023\/12\/WTD_2024_italiano_FIS.pdf\" target=\"_blank\" rel=\"noreferrer noopener\">sussidio<\/a><\/strong>&#8220;, utile per &#8220;imparare facendo&#8221;, seguendo una tradizione cara al movimento.<\/p>\n\n\n\n<p>In tale occasione sono altres\u00ec raccolti fondi per lo sviluppo del Guidismo e dello Scautismo nei paesi nei quali pi\u00f9 acuto \u00e8 il bisogno di sostegno. Infatti, tutti gli aderenti al movimento scout mondiale, in particolare gli esploratori e le guide del mondo, in quel giorno donano simbolicamente un penny (cio\u00e8 una moneta di valore variabile a seconda del paese o il risultato di una raccolta di offerte), da destinare a tale scopo, accompagnando a tale donazione <a href=\"https:\/\/it.scoutwiki.org\/Se_un_penny_tu_mi_dai\" target=\"_blank\" rel=\"noreferrer noopener\">questa allegra canzone<\/a>.<\/p>\n\n\n01 Se un penny Tu mi dai_TLS<audio controls style='width:100% !important;'><source src='https:\/\/www.webradioscout.org\/wp\/wp-content\/mp3\/playlist_la_canzone_del_penny\/01 Se un penny Tu mi dai_TLS.mp3'>Il tuo browser non supporta questo audio<\/audio><br>02 Se un Penny VeS1<audio controls style='width:100% !important;'><source src='https:\/\/www.webradioscout.org\/wp\/wp-content\/mp3\/playlist_la_canzone_del_penny\/02 Se un Penny VeS1.mp3'>Il tuo browser non supporta questo audio<\/audio><br>03 Se un Penny Masci2015Edit<audio controls style='width:100% !important;'><source src='https:\/\/www.webradioscout.org\/wp\/wp-content\/mp3\/playlist_la_canzone_del_penny\/03 Se un Penny Masci2015Edit.mp3'>Il tuo browser non supporta questo audio<\/audio><br>\n\n\n\n<p> I fondi raccolti da <strong>Agesci e Cngei <\/strong>devono essere versati secondo le modalit\u00e0 indicate in <a href=\"https:\/\/www.scouteguide.it\/2023\/12\/21\/giornata-mondiale-del-pensiero-2024thinking-day\/\" target=\"_blank\" rel=\"noreferrer noopener\">questa pagina<\/a>; quelli raccolti dalle altre associazioni sorelle (p.es.: Fse-Scout d&#8217;Europa, Assoraider, Asci, Federscout) seguiranno le modalit\u00e0 di raccolta da loro comunicate.<\/p>\n\n\n\n<figure class=\"wp-block-image size-large\"><img decoding=\"async\" src=\"https:\/\/www.girlguiding.org.uk\/globalassets\/image-library\/blog-images\/olave-baden-powell-wagggs.jpg?preset=image-block_desktop\" alt=\"\"\/><\/figure>\n\n\n\n<p><\/p>\n\n\n\n<p>Sempre il 22 Febbraio alle ore 21, il <strong><a href=\"https:\/\/www.masci.it\/\" target=\"_blank\" rel=\"noreferrer noopener\">MASCI<\/a><\/strong> (Adulti Scout) ha organizzato <strong>un webinar<\/strong>, al quale si accede dalla homepage del movimento o dal <a href=\"https:\/\/www.youtube.com\/@MasciAdultiScout\" target=\"_blank\" rel=\"noreferrer noopener\">canale YouTube<\/a> del medesimo, dal titolo &#8220;<strong>Il nostro futuro di PACE: sogno o progetto?&#8221; <\/strong>Al webinar interverranno Adulti Scout con una consolidata esperienza in tema di <strong>Terra Santa<\/strong>: Angelopiero Bafundi, presidente della <a href=\"https:\/\/www.sangiorgiocomp.org\/\" target=\"_blank\" rel=\"noreferrer noopener\">Compagnia di San Giorgio<\/a> (della quale \u00e8 socio d&#8217;onore l&#8217;attuale Patriarca dei Latini, S.B. Cardinal Pierbattista <a href=\"https:\/\/www.lpj.org\/it\/latin-patriarch-of-jerusalem\/biography-of-patriarch-pierbattista-pizzaballa\" data-type=\"link\" data-id=\"https:\/\/www.lpj.org\/it\/latin-patriarch-of-jerusalem\/biography-of-patriarch-pierbattista-pizzaballa\" target=\"_blank\" rel=\"noreferrer noopener\">Pizzaballa<\/a>) e Mariella Del Genio, magister della Comunit\u00e0 Masci Roma 23; sar\u00e0 inoltre trasmessa una intervista a Frate Alberto Joan Pari, direttore della scuola di Musica &#8220;<a href=\"https:\/\/magnificat.custodia.org\/\" data-type=\"link\" data-id=\"https:\/\/magnificat.custodia.org\/\" target=\"_blank\" rel=\"noreferrer noopener\">Magnificat<\/a>&#8221; di Gerusalemme che ogni anno viene in Italia, nel periodo natalizio, per alcuni concerti.<\/p>\n\n\n\n<p>Infine, sempre in occasione della Giornata del Pensiero 2024, <a href=\"https:\/\/www.facebook.com\/JotaJotiSiracusaII9JSR\" target=\"_blank\" rel=\"noreferrer noopener\">la &#8220;Pattuglia Internazionale AGESCI della Zona &#8220;Aretusea&#8221;<\/a> di Siracusa in Sicilia, ha organizzato un evento online, nel solco della tradizione internazionale del TDOTA-TDOTI (vedi il volantino seguente): <a href=\"mailto:info@jotajotisr.it\" target=\"_blank\" rel=\"noreferrer noopener\">info@jotajotisr.it<\/a> e, per accedere, <a href=\"http:\/\/bit.ly\/3OvXH6X\" target=\"_blank\" rel=\"noreferrer noopener\">http:\/\/bit.ly\/3OvXH6X<\/a><\/p>\n\n\n\n<figure class=\"wp-block-image size-large\"><img loading=\"lazy\" decoding=\"async\" width=\"791\" height=\"1024\" src=\"https:\/\/www.webradioscout.org\/wp\/wp-content\/uploads\/2024\/02\/volantino-WTD-2024-ontheinternet-791x1024.jpg\" alt=\"\" class=\"wp-image-10443\" srcset=\"https:\/\/www.webradioscout.org\/wp\/wp-content\/uploads\/2024\/02\/volantino-WTD-2024-ontheinternet-791x1024.jpg 791w, https:\/\/www.webradioscout.org\/wp\/wp-content\/uploads\/2024\/02\/volantino-WTD-2024-ontheinternet-232x300.jpg 232w, https:\/\/www.webradioscout.org\/wp\/wp-content\/uploads\/2024\/02\/volantino-WTD-2024-ontheinternet-768x994.jpg 768w, https:\/\/www.webradioscout.org\/wp\/wp-content\/uploads\/2024\/02\/volantino-WTD-2024-ontheinternet-155x200.jpg 155w, https:\/\/www.webradioscout.org\/wp\/wp-content\/uploads\/2024\/02\/volantino-WTD-2024-ontheinternet.jpg 816w\" sizes=\"auto, (max-width: 791px) 100vw, 791px\" \/><\/figure>\n\n\n\n<p><\/p>\n","protected":false},"excerpt":{"rendered":"<p>Iniziamo subito &#8220;alla grande&#8221; con il nostro &#8220;cavallo di battaglia&#8221;: E&#8217; sempre il Thinking Day! con la speciale playlist video dedicata a Robert&amp;Olave Il nostro mondo, il nostro futuro rigoglioso \u201cLa Giornata mondiale del Pensiero (Thinking Day) \u00e8 la giornata in cui le Guide e gli Scout di tutto il &hellip;<\/p>\n","protected":false},"author":3,"featured_media":0,"comment_status":"open","ping_status":"open","sticky":false,"template":"","format":"standard","meta":{"ngg_post_thumbnail":0,"footnotes":""},"categories":[322],"tags":[],"class_list":["post-10439","post","type-post","status-publish","format-standard","hentry","category-blog"],"_links":{"self":[{"href":"https:\/\/www.webradioscout.org\/wp\/wp-json\/wp\/v2\/posts\/10439","targetHints":{"allow":["GET"]}}],"collection":[{"href":"https:\/\/www.webradioscout.org\/wp\/wp-json\/wp\/v2\/posts"}],"about":[{"href":"https:\/\/www.webradioscout.org\/wp\/wp-json\/wp\/v2\/types\/post"}],"author":[{"embeddable":true,"href":"https:\/\/www.webradioscout.org\/wp\/wp-json\/wp\/v2\/users\/3"}],"replies":[{"embeddable":true,"href":"https:\/\/www.webradioscout.org\/wp\/wp-json\/wp\/v2\/comments?post=10439"}],"version-history":[{"count":6,"href":"https:\/\/www.webradioscout.org\/wp\/wp-json\/wp\/v2\/posts\/10439\/revisions"}],"predecessor-version":[{"id":10449,"href":"https:\/\/www.webradioscout.org\/wp\/wp-json\/wp\/v2\/posts\/10439\/revisions\/10449"}],"wp:attachment":[{"href":"https:\/\/www.webradioscout.org\/wp\/wp-json\/wp\/v2\/media?parent=10439"}],"wp:term":[{"taxonomy":"category","embeddable":true,"href":"https:\/\/www.webradioscout.org\/wp\/wp-json\/wp\/v2\/categories?post=10439"},{"taxonomy":"post_tag","embeddable":true,"href":"https:\/\/www.webradioscout.org\/wp\/wp-json\/wp\/v2\/tags?post=10439"}],"curies":[{"name":"wp","href":"https:\/\/api.w.org\/{rel}","templated":true}]}}