{"id":902,"date":"2013-07-16T19:40:25","date_gmt":"2013-07-16T17:40:25","guid":{"rendered":"http:\/\/www.webradioscout.org\/blog\/?p=902"},"modified":"2023-07-13T18:48:19","modified_gmt":"2023-07-13T16:48:19","slug":"rover-giornalista-scolta-videomaker","status":"publish","type":"post","link":"https:\/\/www.webradioscout.org\/wp\/2013\/07\/16\/rover-giornalista-scolta-videomaker\/","title":{"rendered":"Rover giornalista? Scolta videomaker?"},"content":{"rendered":"<div class=\"wp-block-image\">\n<figure class=\"alignleft\"><a href=\"http:\/\/www.webradioscout.org\/wp\/wp-content\/uploads\/2013\/07\/fotografo_01.jpg\"><img loading=\"lazy\" decoding=\"async\" width=\"300\" height=\"200\" src=\"http:\/\/www.webradioscout.org\/wp\/wp-content\/uploads\/2013\/07\/fotografo_01-300x200.jpg\" alt=\"fotografo_01\" class=\"wp-image-903\" srcset=\"https:\/\/www.webradioscout.org\/wp\/wp-content\/uploads\/2013\/07\/fotografo_01-300x200.jpg 300w, https:\/\/www.webradioscout.org\/wp\/wp-content\/uploads\/2013\/07\/fotografo_01.jpg 586w\" sizes=\"auto, (max-width: 300px) 100vw, 300px\" \/><\/a><\/figure>\n<\/div>\n\n\n<p>Per tutti gli R\/S con voglia di raccontare (e imparare) nasce <a href=\"https:\/\/www.facebook.com\/ClubandLab\/\" target=\"_blank\" rel=\"noreferrer noopener\">Camminiamo Insieme Club&amp;Lab<\/a>, dal 6 all&#8217;8 settembre insieme ad Agor\u00e0 2013, a Verona. Un evento-laboratorio per aspiranti reporter, fotografi, social media editor, grafici, disegnatori, radiofonici\u2026<br>Un momento per incontrarsi e confrontarsi e un laboratorio per imparare e mettersi alla prova come giornalisti e storytellers su tutti i media. Con uno sguardo al futuro, alla Route nazionale 2014.<br>Tutto questo \u00e8 Camminiamo Insieme Club&amp;Lab, l\u2019evento per tutti i rover e le scolte dell&#8217;Agesci con un po&#8217; di talento \u201ccomunicativo\u201d e tanta passione per il giornalismo, il raccontare storie, il reporting!<br>Organizzato da SCOUT \u2013 Camminiamo Insieme, la rivista dei Rover e delle Scolte, Camminiamo Insieme Club&amp;Lab \u00e8, insieme, un momento di confronto e un laboratorio per imparare le tecniche del giornalismo e del racconto in tutte le forme.<br>Si svolger\u00e0 in concomitanza con Agor\u00e0 2013, l&#8217;evento del Settore Internazionale che coinvolge le Comunit\u00e0 R\/S impegnate in campi o route all&#8217;estero.<br>Il programma parte venerd\u00ec 6 settembre, dalle 18, con lo spettacolo Pop Economix, racconto ironico della crisi tra teatro e giornalismo. Dal sabato mattina, chiacchierata sulla \u201crivoluzione informativa\u201d con giornalisti ed esperti, poi via ai laboratori di giornalismo, fotografia, social media, disegno, grafica, video, audio e radiofonia che a partire dal pomeriggio racconteranno passo dopo passo Agor\u00e0. Il tutto terminer\u00e0 domenica 8 settembre entro le ore 15 circa.<br>L&#8217;appuntamento \u00e8 dunque a Villa Buri, Verona (<a rel=\"noopener\" href=\"www.villaburi.it\" target=\"_blank\">www.villaburi.it<\/a>). Possono partecipare tutti i rover e le scolte dell&#8217;AGESCI che siano interessati e che abbiano qualche talento da mettere alla prova! Non serve essere iscritti ad Agor\u00e0 2013, ma anche chi parteciper\u00e0 (o prevede di partecipare) ad Agor\u00e0 pu\u00f2 iscriversi.<br>Non si sa mai che magari conosciate qualcuno del nostro staff l\u00e0! \ud83d\ude00<\/p>\n","protected":false},"excerpt":{"rendered":"<p>Per tutti gli R\/S con voglia di raccontare (e imparare) nasce Camminiamo Insieme Club&amp;Lab, dal 6 all&#8217;8 settembre insieme ad Agor\u00e0 2013, a Verona. Un evento-laboratorio per aspiranti reporter, fotografi, social media editor, grafici, disegnatori, radiofonici\u2026Un momento per incontrarsi e confrontarsi e un laboratorio per imparare e mettersi alla prova &hellip;<\/p>\n","protected":false},"author":2,"featured_media":0,"comment_status":"open","ping_status":"open","sticky":false,"template":"","format":"standard","meta":{"ngg_post_thumbnail":0,"footnotes":""},"categories":[322],"tags":[],"class_list":["post-902","post","type-post","status-publish","format-standard","hentry","category-blog"],"_links":{"self":[{"href":"https:\/\/www.webradioscout.org\/wp\/wp-json\/wp\/v2\/posts\/902","targetHints":{"allow":["GET"]}}],"collection":[{"href":"https:\/\/www.webradioscout.org\/wp\/wp-json\/wp\/v2\/posts"}],"about":[{"href":"https:\/\/www.webradioscout.org\/wp\/wp-json\/wp\/v2\/types\/post"}],"author":[{"embeddable":true,"href":"https:\/\/www.webradioscout.org\/wp\/wp-json\/wp\/v2\/users\/2"}],"replies":[{"embeddable":true,"href":"https:\/\/www.webradioscout.org\/wp\/wp-json\/wp\/v2\/comments?post=902"}],"version-history":[{"count":2,"href":"https:\/\/www.webradioscout.org\/wp\/wp-json\/wp\/v2\/posts\/902\/revisions"}],"predecessor-version":[{"id":9752,"href":"https:\/\/www.webradioscout.org\/wp\/wp-json\/wp\/v2\/posts\/902\/revisions\/9752"}],"wp:attachment":[{"href":"https:\/\/www.webradioscout.org\/wp\/wp-json\/wp\/v2\/media?parent=902"}],"wp:term":[{"taxonomy":"category","embeddable":true,"href":"https:\/\/www.webradioscout.org\/wp\/wp-json\/wp\/v2\/categories?post=902"},{"taxonomy":"post_tag","embeddable":true,"href":"https:\/\/www.webradioscout.org\/wp\/wp-json\/wp\/v2\/tags?post=902"}],"curies":[{"name":"wp","href":"https:\/\/api.w.org\/{rel}","templated":true}]}}